{"id":9,"date":"2020-10-05T18:40:56","date_gmt":"2020-10-05T16:40:56","guid":{"rendered":"https:\/\/cours.artecom.studio\/nepduweb\/?p=9"},"modified":"2020-10-25T18:37:57","modified_gmt":"2020-10-25T17:37:57","slug":"hello-world","status":"publish","type":"post","link":"https:\/\/cours.artecom.studio\/nepduweb\/2020\/10\/05\/hello-world\/","title":{"rendered":"Hello, World !"},"content":{"rendered":"\n<figure class=\"wp-block-image\"><img data-recalc-dims=\"1\" decoding=\"async\" src=\"https:\/\/i0.wp.com\/cours.artecom.studio\/wp-content\/uploads\/2019\/10\/multiethnic_bienvenue.jpg?w=740&#038;ssl=1\" alt=\"des mains de toutes les couleurs tiennent les lettres multicolores du mot bienvenue\" class=\"wp-image-22\"\/><\/figure>\n\n\n\n<p>Vous avez sous les yeux le premier billet du blog compagnon des deux cours <em>Pratique du Web<\/em> et <em>Narration et \u00e9criture num\u00e9rique (<\/em>(licence 2 Art&amp;Com, universit\u00e9 de Toulouse Jean Jaur\u00e8s).<\/p>\n\n\n\n<p>Pour satisfaire <a href=\"https:\/\/en.wikipedia.org\/wiki\/%22Hello,_World!%22_program\">\u00e0 la tradition<\/a>, qui veut que la premi\u00e8re fois qu\u2019on programme une application informatique, on lui demande d\u2019afficher <em>Hello World,<\/em> c\u2019est le titre que j\u2019ai choisi pour ce premier article.<\/p>\n\n\n\n<p>Ce blog sera l\u2019un des trois \u00e9l\u00e9ments de notre communication en ligne, qui, avec le cours en pr\u00e9sentiel, vous permettra de vivre une <em>folle<\/em> exp\u00e9rience de <em>blended learning<\/em> comme on dit aujourd\u2019hui dans le milieu des cours en ligne (en fran\u00e7ais, on parle d_\u2018<a href=\"http:\/\/eduscol.education.fr\/numerique\/dossier\/archives\/eformation\/notion-modularite\/apprentissage-mixte-blended-learning\">apprentissage mixte<\/a> \u2026_ \u00e7a fait moins classe, et c\u2019est pourtant la traduction litt\u00e9rale du terme). Nous utiliserons donc r\u00e9guli\u00e8rement les outils suivants :<\/p>\n\n\n\n<ul class=\"wp-block-list\"><li>ce blog, donc, auquel vous pourrez participer<\/li><li>un compte et trois hashtags Twitter : <a href=\"https:\/\/twitter.com\/pratiqueduweb\">@PratiqueDuWeb<\/a> et <strong>#PduWeb<\/strong> (pour pratique du web) ou <strong>#NEduWEB<\/strong> (pour narration et \u00e9criture du web) et <strong>#NEPduWeb<\/strong>, si le tweet concerne les deux ;<\/li><li>une dropbox partag\u00e9e (dont vous allez recevoir les identifiants par mail) ;<\/li><\/ul>\n\n\n\n<p>Le mode de fonctionnement de ce blog est simple : chaque semaine, Isabelle ou moi publions un billet \u00e0 la suite de la s\u00e9ance de cours en pr\u00e9sentiel (ou mieux, avant\u2026 \u00e7a d\u00e9pendra de ce qu\u2019on vous demande). C\u2019est le contrat minimum.<\/p>\n\n\n\n<p>Mais on publiera aussi des billets compl\u00e9mentaires \u00e0 la fr\u00e9quence plus al\u00e9atoires, qui permettront par exemple<\/p>\n\n\n\n<ul class=\"wp-block-list\"><li>d\u2019utiliser un des outils pr\u00e9sent\u00e9s en cours mais que nous n\u2019avons pas eu le temps d\u2019approfondir ;<\/li><li>de mettre en relation l\u2019actualit\u00e9 du cours et l\u2019actualit\u00e9 du webdesign ou du d\u00e9veloppement web ;<\/li><li>de pr\u00e9senter des articles qui approfondissent un point trait\u00e9 en cours ;<\/li><li>de mettre l\u2019accent sur un site\/une page\/une vid\u00e9o mettant en sc\u00e8ne une technique particuli\u00e8re ;<\/li><li>etc.<\/li><\/ul>\n\n\n\n<p><strong>Vous pouvez abondamment commenter chaque billet du blog, en posant des questions, ajoutant des ressources, signalant des erreurs, bugs, coquilles, voire en donnant le lien de vos r\u00e9centes exp\u00e9riences de cr\u00e9ation web.<\/strong><\/p>\n\n\n\n<p>Le blog est partageable avec les \u00e9tudiants qui le souhaitent, qui pourront y publier des billets sous notre supervision. L\u2019id\u00e9e est de suivre, tout au long du semestre, les progr\u00e8s r\u00e9alis\u00e9s dans l\u2019analyse, la conception et la r\u00e9alisation de site web : un <em>work in progress<\/em>, en somme\u2026  <\/p>\n","protected":false},"excerpt":{"rendered":"<p>Vous avez sous les yeux le premier billet du blog compagnon des deux cours Pratique du Web et Narration et \u00e9criture num\u00e9rique ((licence 2 Art&amp;Com, universit\u00e9 de Toulouse Jean Jaur\u00e8s).&#46;&#46;&#46;<\/p>\n","protected":false},"author":2,"featured_media":11,"comment_status":"open","ping_status":"open","sticky":false,"template":"","format":"standard","meta":{"_jetpack_memberships_contains_paid_content":false,"footnotes":""},"categories":[3,2,4],"tags":[5,6,8],"class_list":["post-9","post","type-post","status-publish","format-standard","has-post-thumbnail","hentry","category-neduweb","category-nepduweb","category-pduweb","tag-bienvenue","tag-cours","tag-nepduweb"],"jetpack_featured_media_url":"https:\/\/i0.wp.com\/cours.artecom.studio\/nepduweb\/wp-content\/uploads\/sites\/2\/2019\/10\/Bienvenue-e1570272064861.jpg?fit=960%2C647&ssl=1","jetpack_sharing_enabled":true,"_links":{"self":[{"href":"https:\/\/cours.artecom.studio\/nepduweb\/wp-json\/wp\/v2\/posts\/9","targetHints":{"allow":["GET"]}}],"collection":[{"href":"https:\/\/cours.artecom.studio\/nepduweb\/wp-json\/wp\/v2\/posts"}],"about":[{"href":"https:\/\/cours.artecom.studio\/nepduweb\/wp-json\/wp\/v2\/types\/post"}],"author":[{"embeddable":true,"href":"https:\/\/cours.artecom.studio\/nepduweb\/wp-json\/wp\/v2\/users\/2"}],"replies":[{"embeddable":true,"href":"https:\/\/cours.artecom.studio\/nepduweb\/wp-json\/wp\/v2\/comments?post=9"}],"version-history":[{"count":1,"href":"https:\/\/cours.artecom.studio\/nepduweb\/wp-json\/wp\/v2\/posts\/9\/revisions"}],"predecessor-version":[{"id":10,"href":"https:\/\/cours.artecom.studio\/nepduweb\/wp-json\/wp\/v2\/posts\/9\/revisions\/10"}],"wp:featuredmedia":[{"embeddable":true,"href":"https:\/\/cours.artecom.studio\/nepduweb\/wp-json\/wp\/v2\/media\/11"}],"wp:attachment":[{"href":"https:\/\/cours.artecom.studio\/nepduweb\/wp-json\/wp\/v2\/media?parent=9"}],"wp:term":[{"taxonomy":"category","embeddable":true,"href":"https:\/\/cours.artecom.studio\/nepduweb\/wp-json\/wp\/v2\/categories?post=9"},{"taxonomy":"post_tag","embeddable":true,"href":"https:\/\/cours.artecom.studio\/nepduweb\/wp-json\/wp\/v2\/tags?post=9"}],"curies":[{"name":"wp","href":"https:\/\/api.w.org\/{rel}","templated":true}]}}